{"id":712,"date":"2026-04-22T06:00:22","date_gmt":"2026-04-22T06:00:22","guid":{"rendered":"https:\/\/www.frhw.net\/?p=712"},"modified":"2026-04-22T06:00:22","modified_gmt":"2026-04-22T06:00:22","slug":"starker-auftritt-in-rio-constantin-banowitz-kaempft-sich-unter-die-besten-u17-fechter-der-welt","status":"publish","type":"post","link":"https:\/\/www.frhw.net\/?p=712","title":{"rendered":"Starker Auftritt in Rio: Constantin Banowitz k\u00e4mpft sich unter die besten U17-Fechter der Welt"},"content":{"rendered":"\n<p>Rio de Janeiro \u2013 Ein gro\u00dfer Moment f\u00fcr den deutschen Fechtsport: Constantin Banowitz aus Homburg hat sich bei der U17-Weltmeisterschaft eindrucksvoll pr\u00e4sentiert und sich einen Platz im ersten Drittel der weltbesten Kadettenfechter gesichert.<\/p>\n\n\n\n<p>Als einer der aktuell st\u00e4rksten Nachwuchsfechter Deutschlands hatte sich Banowitz im Vorfeld f\u00fcr das internationale Top-Event qualifiziert und vertrat dort den Deutschen Fechterbund gegen 140 der besten Talente aus aller Welt. Schon in der Vorrunde zeigte der junge Athlet Nervenst\u00e4rke und Klasse: Mit f\u00fcnf Siegen bei nur einer Niederlage focht er sich souver\u00e4n auf Rang 17 in der Setzung und damit direkt ins Tableau der besten 64 Fechter.<\/p>\n\n\n\n<p>Dort wartete mit dem Chilenen Andres Grageda ein starker Gegner. Banowitz begann das Gefecht konzentriert und lag zwischenzeitlich mit 12:9 in F\u00fchrung. Doch im entscheidenden Moment machten sich k\u00f6rperliche Probleme bemerkbar. Wadenkr\u00e4mpfe \u2013 offenbar Nachwirkungen einer kurz vor der WM \u00fcberstandenen Erk\u00e4ltung \u2013 bremsten den Fechter des Fechterrings Hochwald Wadern aus. Am Ende musste er sich mit 12:15 geschlagen geben und verpasste damit den Einzug in die Top 32 nur knapp.<\/p>\n\n\n\n<p>Trotz der Entt\u00e4uschung \u00fcber das Ausscheiden \u00fcberwiegt das Positive: Mit Platz 41 erreicht Banowitz ein Ergebnis im ersten Drittel eines hochkar\u00e4tig besetzten Teilnehmerfeldes \u2013 ein beachtlicher Erfolg auf internationaler B\u00fchne.<\/p>\n\n\n\n<p>Viel Zeit zum Durchatmen bleibt dem Sch\u00fcler der IGS Sch\u00f6nenberg-K\u00fcbelberg jedoch nicht. Gemeinsam mit seinem Trainer Peter Molter richtet er den Blick bereits nach vorne. In den kommenden Wochen steht die intensive Vorbereitung auf den letzten Saisonh\u00f6hepunkt an: die Deutsche U17-Meisterschaft in Bielefeld. Dort will Banowitz noch einmal angreifen \u2013 und z\u00e4hlt nach seiner starken Leistung von Rio zum erweiterten Favoritenkreis. Die Konkurrenz darf sich auf einen hochmotivierten Fechter einstellen, der gezeigt hat, dass er auch auf der ganz gro\u00dfen B\u00fchne bestehen kann.<\/p>\n\n\n\n<figure data-wp-context=\"{&quot;imageId&quot;:&quot;69f1fcaeebd74&quot;}\" data-wp-interactive=\"core\/image\" data-wp-key=\"69f1fcaeebd74\" class=\"wp-block-image size-large wp-lightbox-container\"><img loading=\"lazy\" decoding=\"async\" width=\"1024\" height=\"768\" data-wp-class--hide=\"state.isContentHidden\" data-wp-class--show=\"state.isContentVisible\" data-wp-init=\"callbacks.setButtonStyles\" data-wp-on--click=\"actions.showLightbox\" data-wp-on--load=\"callbacks.setButtonStyles\" data-wp-on-window--resize=\"callbacks.setButtonStyles\" src=\"https:\/\/www.frhw.net\/wp-content\/uploads\/2026\/04\/Bild-U17-WM-Rio-1024x768.jpeg\" alt=\"\" class=\"wp-image-713\" srcset=\"https:\/\/www.frhw.net\/wp-content\/uploads\/2026\/04\/Bild-U17-WM-Rio-1024x768.jpeg 1024w, https:\/\/www.frhw.net\/wp-content\/uploads\/2026\/04\/Bild-U17-WM-Rio-300x225.jpeg 300w, https:\/\/www.frhw.net\/wp-content\/uploads\/2026\/04\/Bild-U17-WM-Rio-768x576.jpeg 768w, https:\/\/www.frhw.net\/wp-content\/uploads\/2026\/04\/Bild-U17-WM-Rio-1536x1152.jpeg 1536w, https:\/\/www.frhw.net\/wp-content\/uploads\/2026\/04\/Bild-U17-WM-Rio.jpeg 2016w\" sizes=\"auto, (max-width: 706px) 89vw, (max-width: 767px) 82vw, 740px\" \/><button\n\t\t\tclass=\"lightbox-trigger\"\n\t\t\ttype=\"button\"\n\t\t\taria-haspopup=\"dialog\"\n\t\t\taria-label=\"Vergr\u00f6\u00dfern\"\n\t\t\tdata-wp-init=\"callbacks.initTriggerButton\"\n\t\t\tdata-wp-on--click=\"actions.showLightbox\"\n\t\t\tdata-wp-style--right=\"state.imageButtonRight\"\n\t\t\tdata-wp-style--top=\"state.imageButtonTop\"\n\t\t>\n\t\t\t<svg xmlns=\"http:\/\/www.w3.org\/2000\/svg\" width=\"12\" height=\"12\" fill=\"none\" viewBox=\"0 0 12 12\">\n\t\t\t\t<path fill=\"#fff\" d=\"M2 0a2 2 0 0 0-2 2v2h1.5V2a.5.5 0 0 1 .5-.5h2V0H2Zm2 10.5H2a.5.5 0 0 1-.5-.5V8H0v2a2 2 0 0 0 2 2h2v-1.5ZM8 12v-1.5h2a.5.5 0 0 0 .5-.5V8H12v2a2 2 0 0 1-2 2H8Zm2-12a2 2 0 0 1 2 2v2h-1.5V2a.5.5 0 0 0-.5-.5H8V0h2Z\" \/>\n\t\t\t<\/svg>\n\t\t<\/button><\/figure>\n\n\n\n<p><em>Bild: Constantin Banowitz<\/em><\/p>\n\n\n\n<p><\/p>\n","protected":false},"excerpt":{"rendered":"<p>Rio de Janeiro \u2013 Ein gro\u00dfer Moment f\u00fcr den deutschen Fechtsport: Constantin Banowitz aus Homburg hat sich bei der U17-Weltmeisterschaft eindrucksvoll pr\u00e4sentiert und sich einen Platz im ersten Drittel der weltbesten Kadettenfechter gesichert. Als einer der aktuell st\u00e4rksten Nachwuchsfechter Deutschlands hatte sich Banowitz im Vorfeld f\u00fcr das internationale Top-Event qualifiziert und vertrat dort den Deutschen &hellip; <\/p>\n<p class=\"link-more\"><a href=\"https:\/\/www.frhw.net\/?p=712\" class=\"more-link\"><span class=\"screen-reader-text\">\u201eStarker Auftritt in Rio: Constantin Banowitz k\u00e4mpft sich unter die besten U17-Fechter der Welt\u201c<\/span> weiterlesen<\/a><\/p>\n","protected":false},"author":1,"featured_media":0,"comment_status":"closed","ping_status":"open","sticky":false,"template":"","format":"standard","meta":{"footnotes":""},"categories":[4,7,18],"tags":[],"class_list":["post-712","post","type-post","status-publish","format-standard","hentry","category-aktuelles","category-presse","category-presse-2026"],"_links":{"self":[{"href":"https:\/\/www.frhw.net\/index.php?rest_route=\/wp\/v2\/posts\/712","targetHints":{"allow":["GET"]}}],"collection":[{"href":"https:\/\/www.frhw.net\/index.php?rest_route=\/wp\/v2\/posts"}],"about":[{"href":"https:\/\/www.frhw.net\/index.php?rest_route=\/wp\/v2\/types\/post"}],"author":[{"embeddable":true,"href":"https:\/\/www.frhw.net\/index.php?rest_route=\/wp\/v2\/users\/1"}],"replies":[{"embeddable":true,"href":"https:\/\/www.frhw.net\/index.php?rest_route=%2Fwp%2Fv2%2Fcomments&post=712"}],"version-history":[{"count":1,"href":"https:\/\/www.frhw.net\/index.php?rest_route=\/wp\/v2\/posts\/712\/revisions"}],"predecessor-version":[{"id":714,"href":"https:\/\/www.frhw.net\/index.php?rest_route=\/wp\/v2\/posts\/712\/revisions\/714"}],"wp:attachment":[{"href":"https:\/\/www.frhw.net\/index.php?rest_route=%2Fwp%2Fv2%2Fmedia&parent=712"}],"wp:term":[{"taxonomy":"category","embeddable":true,"href":"https:\/\/www.frhw.net\/index.php?rest_route=%2Fwp%2Fv2%2Fcategories&post=712"},{"taxonomy":"post_tag","embeddable":true,"href":"https:\/\/www.frhw.net\/index.php?rest_route=%2Fwp%2Fv2%2Ftags&post=712"}],"curies":[{"name":"wp","href":"https:\/\/api.w.org\/{rel}","templated":true}]}}