{"id":457,"date":"2021-08-24T08:35:19","date_gmt":"2021-08-24T08:35:19","guid":{"rendered":"https:\/\/www.frhw.net\/?p=457"},"modified":"2022-03-08T13:13:18","modified_gmt":"2022-03-08T13:13:18","slug":"sommercamp-der-hochwaldfechter-eine-runde-sache","status":"publish","type":"post","link":"https:\/\/www.frhw.net\/?p=457","title":{"rendered":"Sommercamp der Hochwaldfechter eine runde Sache"},"content":{"rendered":"\n<p>Nach insgesamt vier Verschiebungen Pandemie bedingt konnte der Fechterring Hochwald Wadern endlich sein traditionelles &#8222;Ostercamp&#8220; als proWIN- Sommercamp durchf\u00fchren, was f\u00fcr die Organisatoren und alle 30 beteiligten Jugendlichen mit einer gro\u00dfen Erleichterung aufgenommen wurde. Endlich wieder gemeinsam trainieren zu k\u00f6nnen, war f\u00fcr viele Fechter, die teilweise aus dem gesamten s\u00fcdwestdeutchen Raum anreisten, ein ganz besonderes Erlebnis. Den besonderen Reiz des Lehrgangs macht die perfekte Mischung aus fechtspezifischem Training, einem kleinen Turnier und abwechslungsreichen Freizeitveranstaltungen aus. So wurden neben dem Training von Kondition und Technik auch propriozeptives Flechetraining zur Verbesserung fechterischer Aktionen eingebaut. Auch das abschlie\u00dfende Lehrgangsturnier, bei dem es immer um Medaillen geht, fand den Zuspruch der Teilnehmer, ebenso wie das ausgewogene Freizeitprogramm bestehend aus Schwimmen und Wandern auf zum Barfu\u00dfpfad in Waldh\u00f6lzbach bereicherte den Lehrgang in Weiskirchen. Trainerin Stefanie Marx zeigte sich gl\u00fccklich mit dem Verlauf des Lehrgangs:&#8220; Auch wenn zur Durchf\u00fchrung einer solchen Veranstaltung momentan ein Mehraufwand besteht, konnten wir alles planm\u00e4\u00dfig durchf\u00fchren und die Fechter signalisierten uns w\u00e4hrend des gesamten Lehrgangs ein positives Feedback.&#8220;<\/p>\n\n\n\n<figure class=\"wp-block-image size-large is-style-default\"><a href=\"https:\/\/www.frhw.net\/wp-content\/uploads\/2021\/08\/Sommercamp-2021-Fechten.jpg\"><img loading=\"lazy\" decoding=\"async\" width=\"1024\" height=\"768\" src=\"https:\/\/www.frhw.net\/wp-content\/uploads\/2021\/08\/Sommercamp-2021-Fechten-1024x768.jpg\" alt=\"\" class=\"wp-image-458\" srcset=\"https:\/\/www.frhw.net\/wp-content\/uploads\/2021\/08\/Sommercamp-2021-Fechten-1024x768.jpg 1024w, https:\/\/www.frhw.net\/wp-content\/uploads\/2021\/08\/Sommercamp-2021-Fechten-300x225.jpg 300w, https:\/\/www.frhw.net\/wp-content\/uploads\/2021\/08\/Sommercamp-2021-Fechten-768x576.jpg 768w, https:\/\/www.frhw.net\/wp-content\/uploads\/2021\/08\/Sommercamp-2021-Fechten-1536x1152.jpg 1536w, https:\/\/www.frhw.net\/wp-content\/uploads\/2021\/08\/Sommercamp-2021-Fechten.jpg 1600w\" sizes=\"auto, (max-width: 706px) 89vw, (max-width: 767px) 82vw, 740px\" \/><\/a><figcaption>Bild: Lars Imbsweiler<\/figcaption><\/figure>\n","protected":false},"excerpt":{"rendered":"<p>Nach insgesamt vier Verschiebungen Pandemie bedingt konnte der Fechterring Hochwald Wadern endlich sein traditionelles &#8222;Ostercamp&#8220; als proWIN- Sommercamp durchf\u00fchren, was f\u00fcr die Organisatoren und alle 30 beteiligten Jugendlichen mit einer gro\u00dfen Erleichterung aufgenommen wurde. Endlich wieder gemeinsam trainieren zu k\u00f6nnen, war f\u00fcr viele Fechter, die teilweise aus dem gesamten s\u00fcdwestdeutchen Raum anreisten, ein ganz besonderes &hellip; <\/p>\n<p class=\"link-more\"><a href=\"https:\/\/www.frhw.net\/?p=457\" class=\"more-link\"><span class=\"screen-reader-text\">\u201eSommercamp der Hochwaldfechter eine runde Sache\u201c<\/span> weiterlesen<\/a><\/p>\n","protected":false},"author":1,"featured_media":0,"comment_status":"closed","ping_status":"closed","sticky":false,"template":"","format":"standard","meta":{"footnotes":""},"categories":[7,10],"tags":[],"class_list":["post-457","post","type-post","status-publish","format-standard","hentry","category-presse","category-presse-2021"],"_links":{"self":[{"href":"https:\/\/www.frhw.net\/index.php?rest_route=\/wp\/v2\/posts\/457","targetHints":{"allow":["GET"]}}],"collection":[{"href":"https:\/\/www.frhw.net\/index.php?rest_route=\/wp\/v2\/posts"}],"about":[{"href":"https:\/\/www.frhw.net\/index.php?rest_route=\/wp\/v2\/types\/post"}],"author":[{"embeddable":true,"href":"https:\/\/www.frhw.net\/index.php?rest_route=\/wp\/v2\/users\/1"}],"replies":[{"embeddable":true,"href":"https:\/\/www.frhw.net\/index.php?rest_route=%2Fwp%2Fv2%2Fcomments&post=457"}],"version-history":[{"count":1,"href":"https:\/\/www.frhw.net\/index.php?rest_route=\/wp\/v2\/posts\/457\/revisions"}],"predecessor-version":[{"id":459,"href":"https:\/\/www.frhw.net\/index.php?rest_route=\/wp\/v2\/posts\/457\/revisions\/459"}],"wp:attachment":[{"href":"https:\/\/www.frhw.net\/index.php?rest_route=%2Fwp%2Fv2%2Fmedia&parent=457"}],"wp:term":[{"taxonomy":"category","embeddable":true,"href":"https:\/\/www.frhw.net\/index.php?rest_route=%2Fwp%2Fv2%2Fcategories&post=457"},{"taxonomy":"post_tag","embeddable":true,"href":"https:\/\/www.frhw.net\/index.php?rest_route=%2Fwp%2Fv2%2Ftags&post=457"}],"curies":[{"name":"wp","href":"https:\/\/api.w.org\/{rel}","templated":true}]}}