{"id":431,"date":"2019-12-01T14:45:08","date_gmt":"2019-12-01T14:45:08","guid":{"rendered":"https:\/\/www.frhw.net\/cms\/?p=431"},"modified":"2020-10-12T11:15:46","modified_gmt":"2020-10-12T11:15:46","slug":"valentino-marx-deutsche-spitze","status":"publish","type":"post","link":"https:\/\/www.frhw.net\/?p=431","title":{"rendered":"Valentino Marx Deutsche Spitze"},"content":{"rendered":"\n<p>Beim internationalen\u00a0 Degenturnier der A- Jugend in Heidenheim konnte Valentino Marx mit planvollen Degenfechten \u00fcberzeugen. Beim 3. Deutschen Ranglistenturnier der Saison\u00a0 konnte sich Valentino auf Platz 10 f\u00fcr die Direktausscheidung qualifizieren. Mit Siegen \u00fcber den Belgier Ariane Hansenne, den Essener Oskar Speker und den Krefelder Jakob Brychcy erreichte der Hochw\u00e4lder das Viertelfinale der besten acht Fechter. Um den Einzug ins Halbfinale setzte sich \u00a0Valentino mit 15:8 Treffern souver\u00e4n gegen den Berliner\u00a0 Anton <a rel=\"noreferrer noopener\" href=\"http:\/\/www.fencingworldwide.com\/de\/athlete\/336664\/\" target=\"_blank\">Beskorovainyi <\/a>\u00a0durch , ehe er im Halbfinale gegen den sp\u00e4teren Turniersieger Kassian Meier aus Solingen mit 11.15 verlor. Mit dem Erreichen des 3. Platzes beim Heidenheimer Turnier wird Valentino nun auf der der aktuellen Deutschen Rangliste der Kadetten auf Platz 10 gef\u00fchrt. Mathis Barth, der zweite Vertreter des Fechterringes, belegte Platz 129.<\/p>\n\n\n\n<p><em>Aus: Wochenspiegel und SZ im November<\/em><\/p>\n\n\n\n<figure class=\"wp-block-image\"><a href=\"https:\/\/www.frhw.net\/cms\/wp-content\/uploads\/2019\/12\/TurnierHeidenheim.jpg\"><img loading=\"lazy\" decoding=\"async\" width=\"1024\" height=\"768\" src=\"https:\/\/www.frhw.net\/cms\/wp-content\/uploads\/2019\/12\/TurnierHeidenheim-1024x768.jpg\" alt=\"\" class=\"wp-image-432\" srcset=\"https:\/\/www.frhw.net\/wp-content\/uploads\/2019\/12\/TurnierHeidenheim-1024x768.jpg 1024w, https:\/\/www.frhw.net\/wp-content\/uploads\/2019\/12\/TurnierHeidenheim-300x225.jpg 300w, https:\/\/www.frhw.net\/wp-content\/uploads\/2019\/12\/TurnierHeidenheim-768x576.jpg 768w, https:\/\/www.frhw.net\/wp-content\/uploads\/2019\/12\/TurnierHeidenheim.jpg 1600w\" sizes=\"auto, (max-width: 706px) 89vw, (max-width: 767px) 82vw, 740px\" \/><\/a><\/figure>\n","protected":false},"excerpt":{"rendered":"<p>Beim internationalen\u00a0 Degenturnier der A- Jugend in Heidenheim konnte Valentino Marx mit planvollen Degenfechten \u00fcberzeugen. Beim 3. Deutschen Ranglistenturnier der Saison\u00a0 konnte sich Valentino auf Platz 10 f\u00fcr die Direktausscheidung qualifizieren. Mit Siegen \u00fcber den Belgier Ariane Hansenne, den Essener Oskar Speker und den Krefelder Jakob Brychcy erreichte der Hochw\u00e4lder das Viertelfinale der besten acht &hellip; <\/p>\n<p class=\"link-more\"><a href=\"https:\/\/www.frhw.net\/?p=431\" class=\"more-link\"><span class=\"screen-reader-text\">\u201eValentino Marx Deutsche Spitze\u201c<\/span> weiterlesen<\/a><\/p>\n","protected":false},"author":1,"featured_media":0,"comment_status":"closed","ping_status":"closed","sticky":false,"template":"","format":"standard","meta":{"footnotes":""},"categories":[7,8],"tags":[],"class_list":["post-431","post","type-post","status-publish","format-standard","hentry","category-presse","category-presse-2019"],"_links":{"self":[{"href":"https:\/\/www.frhw.net\/index.php?rest_route=\/wp\/v2\/posts\/431","targetHints":{"allow":["GET"]}}],"collection":[{"href":"https:\/\/www.frhw.net\/index.php?rest_route=\/wp\/v2\/posts"}],"about":[{"href":"https:\/\/www.frhw.net\/index.php?rest_route=\/wp\/v2\/types\/post"}],"author":[{"embeddable":true,"href":"https:\/\/www.frhw.net\/index.php?rest_route=\/wp\/v2\/users\/1"}],"replies":[{"embeddable":true,"href":"https:\/\/www.frhw.net\/index.php?rest_route=%2Fwp%2Fv2%2Fcomments&post=431"}],"version-history":[{"count":1,"href":"https:\/\/www.frhw.net\/index.php?rest_route=\/wp\/v2\/posts\/431\/revisions"}],"predecessor-version":[{"id":433,"href":"https:\/\/www.frhw.net\/index.php?rest_route=\/wp\/v2\/posts\/431\/revisions\/433"}],"wp:attachment":[{"href":"https:\/\/www.frhw.net\/index.php?rest_route=%2Fwp%2Fv2%2Fmedia&parent=431"}],"wp:term":[{"taxonomy":"category","embeddable":true,"href":"https:\/\/www.frhw.net\/index.php?rest_route=%2Fwp%2Fv2%2Fcategories&post=431"},{"taxonomy":"post_tag","embeddable":true,"href":"https:\/\/www.frhw.net\/index.php?rest_route=%2Fwp%2Fv2%2Ftags&post=431"}],"curies":[{"name":"wp","href":"https:\/\/api.w.org\/{rel}","templated":true}]}}