{"id":264,"date":"2018-05-15T23:36:27","date_gmt":"2018-05-15T23:36:27","guid":{"rendered":"https:\/\/www.frhw.net\/cms\/?p=264"},"modified":"2018-12-05T23:37:36","modified_gmt":"2018-12-05T23:37:36","slug":"bronzeplatz-fuer-den-fechterring-bei-dm","status":"publish","type":"post","link":"https:\/\/www.frhw.net\/?p=264","title":{"rendered":"Bronzeplatz f\u00fcr den Fechterring bei DM"},"content":{"rendered":"<h3>3 Finalpl\u00e4tze bei den Deutschen A- Jugend Meisterschaften<\/h3>\n<p>Bei den Deutschen A- Jugendmeisterschaften im Damen- und Herrendegen in Osnabr\u00fcck nahm der Fechterring Hochwald Wadern mit insgesamt neun Startern teil und konnte \u00fcberzeugende Leistungen abliefern. So konnte in der Damenkonkurrenz Anna Zens in ihrem ersten A- Jugend Jahr mit wagemutigen Angriffsaktionen einen tollen 7. Platz belegen. Dietrich Bopp \u00fcberzeugte bei den Herren mit einem super 5. Platz, er scheiterte im Viertelfinale nur knapp an dem sp\u00e4teren Deutschen Meister Emil Pfander aus Reutlingen. Die dritte Finalplatzierung konnte die Herrenmannschaft des Fechterringes in der Besetzung Luca Haas, Dietrich Bopp, Philipp Zens und Valentino Marx erfechten. Nach Siegen in der Vorrunde \u00fcber Krefeld, D\u00fcsseldorf und Osnabr\u00fcck war die Mannschaft von Trainer Peter Molter auf Platz 3 f\u00fcr die 16 Direktausscheidung gesetzt. Dort konnte Der Fechterring durch Siege \u00fcber Segeberg und Leipzig das Halbfinale erreichen. Im Halbfinale war der Gegner die Vertretung aus Reutlingen, der man knapp mit 41:45 Treffern unterlag. Im Gefecht um Platz drei \u00fcberzeugte die Equipe aus dem Hochwald mit einem klaren 45: 36 Sieg gegen die Fechter des Solinger TB, was am Ende ein sensationeller Bronzeplatz in der Mannschaftskonkurrenz bedeute. Trainer Peter Molter war begeistert von der Mannschaftsleistung seiner Fechter:\u201c Wir haben mit einer sehr homogenen Teamleistung diese Bronzemedaille bei den Herren erk\u00e4mpft; alle Mitglieder der Mannschaft brachten an diesem Tag ihre individuelle Topleistung.\u201c<\/p>\n<p>Alle Ergebnisse auf einen Blick:<\/p>\n<p>Anna Zens 7.Platz<\/p>\n<p>Chiara Haas 50.Platz<\/p>\n<p>Charlotte Marx 25.Platz<\/p>\n<p>Hannah Stein 97.Platz<\/p>\n<p>Mannschaft Damen 13.Platz<\/p>\n<p>Dietrich Bopp 5.Platz<\/p>\n<p>Valentino Marx 25.Platz<\/p>\n<p>Philipp Zens 28.Platz<\/p>\n<p>Luca Haas 64.Platz<\/p>\n<p>Simon Paltz 65.Platz<\/p>\n<p>Mannschaft Herren 3.Platz<\/p>\n<p><em>Aus: SZ und Wochenspiegel im Mai<\/em><\/p>\n<p><a href=\"https:\/\/www.frhw.net\/cms\/wp-content\/uploads\/2018\/12\/Deutsche_Meisterschaften_A-Jugend_Osnabrueck.jpg\"><img loading=\"lazy\" decoding=\"async\" class=\"alignright size-large wp-image-265\" src=\"https:\/\/www.frhw.net\/cms\/wp-content\/uploads\/2018\/12\/Deutsche_Meisterschaften_A-Jugend_Osnabrueck-1024x768.jpg\" alt=\"\" width=\"525\" height=\"394\" srcset=\"https:\/\/www.frhw.net\/wp-content\/uploads\/2018\/12\/Deutsche_Meisterschaften_A-Jugend_Osnabrueck-1024x768.jpg 1024w, https:\/\/www.frhw.net\/wp-content\/uploads\/2018\/12\/Deutsche_Meisterschaften_A-Jugend_Osnabrueck-300x225.jpg 300w, https:\/\/www.frhw.net\/wp-content\/uploads\/2018\/12\/Deutsche_Meisterschaften_A-Jugend_Osnabrueck-768x576.jpg 768w, https:\/\/www.frhw.net\/wp-content\/uploads\/2018\/12\/Deutsche_Meisterschaften_A-Jugend_Osnabrueck.jpg 1280w\" sizes=\"auto, (max-width: 525px) 100vw, 525px\" \/><\/a><\/p>\n","protected":false},"excerpt":{"rendered":"<p>3 Finalpl\u00e4tze bei den Deutschen A- Jugend Meisterschaften Bei den Deutschen A- Jugendmeisterschaften im Damen- und Herrendegen in Osnabr\u00fcck nahm der Fechterring Hochwald Wadern mit insgesamt neun Startern teil und konnte \u00fcberzeugende Leistungen abliefern. So konnte in der Damenkonkurrenz Anna Zens in ihrem ersten A- Jugend Jahr mit wagemutigen Angriffsaktionen einen tollen 7. Platz belegen. &hellip; <\/p>\n<p class=\"link-more\"><a href=\"https:\/\/www.frhw.net\/?p=264\" class=\"more-link\"><span class=\"screen-reader-text\">\u201eBronzeplatz f\u00fcr den Fechterring bei DM\u201c<\/span> weiterlesen<\/a><\/p>\n","protected":false},"author":1,"featured_media":0,"comment_status":"closed","ping_status":"open","sticky":false,"template":"","format":"standard","meta":{"footnotes":""},"categories":[7,5],"tags":[],"class_list":["post-264","post","type-post","status-publish","format-standard","hentry","category-presse","category-presse2018"],"_links":{"self":[{"href":"https:\/\/www.frhw.net\/index.php?rest_route=\/wp\/v2\/posts\/264","targetHints":{"allow":["GET"]}}],"collection":[{"href":"https:\/\/www.frhw.net\/index.php?rest_route=\/wp\/v2\/posts"}],"about":[{"href":"https:\/\/www.frhw.net\/index.php?rest_route=\/wp\/v2\/types\/post"}],"author":[{"embeddable":true,"href":"https:\/\/www.frhw.net\/index.php?rest_route=\/wp\/v2\/users\/1"}],"replies":[{"embeddable":true,"href":"https:\/\/www.frhw.net\/index.php?rest_route=%2Fwp%2Fv2%2Fcomments&post=264"}],"version-history":[{"count":1,"href":"https:\/\/www.frhw.net\/index.php?rest_route=\/wp\/v2\/posts\/264\/revisions"}],"predecessor-version":[{"id":266,"href":"https:\/\/www.frhw.net\/index.php?rest_route=\/wp\/v2\/posts\/264\/revisions\/266"}],"wp:attachment":[{"href":"https:\/\/www.frhw.net\/index.php?rest_route=%2Fwp%2Fv2%2Fmedia&parent=264"}],"wp:term":[{"taxonomy":"category","embeddable":true,"href":"https:\/\/www.frhw.net\/index.php?rest_route=%2Fwp%2Fv2%2Fcategories&post=264"},{"taxonomy":"post_tag","embeddable":true,"href":"https:\/\/www.frhw.net\/index.php?rest_route=%2Fwp%2Fv2%2Ftags&post=264"}],"curies":[{"name":"wp","href":"https:\/\/api.w.org\/{rel}","templated":true}]}}